{"id":151,"date":"2024-04-15T10:43:06","date_gmt":"2024-04-15T14:43:06","guid":{"rendered":"https:\/\/treslagoasprevidencia.ms.gov.br\/?p=151"},"modified":"2026-04-23T10:51:13","modified_gmt":"2026-04-23T14:51:13","slug":"audiencia-publica-de-prestacao-de-contas","status":"publish","type":"post","link":"https:\/\/treslagoasprevidencia.ms.gov.br\/index.php\/2024\/04\/15\/audiencia-publica-de-prestacao-de-contas\/","title":{"rendered":"AUDI\u00caNCIA P\u00daBLICA DE PRESTA\u00c7\u00c3O DE CONTAS"},"content":{"rendered":"\n<p>O Diretor Presidente do Instituto de Previd\u00eancia Social dos Servidores do Munic\u00edpio de Tr\u00eas Lagoas \u2013 TR\u00caS LAGOAS PREVID\u00caNCIA, por meio do Edital n\u00ba 006\/2024,\u00a0<strong>CONVOCA\u00a0<\/strong>todos os servidores p\u00fablicos efetivos, ativos e inativos, vinculados ao TR\u00caS LAGOAS PREVID\u00caNCIA, representantes do ente federativo (Poder Executivo e Legislativo) e a sociedade civil em geral a participarem da <em>Audi\u00eancia P\u00fablica de Presta\u00e7\u00e3o de Contas, <\/em>para divulga\u00e7\u00e3o do Relat\u00f3rio de Governan\u00e7a Corporativa, dos resultados da Pol\u00edtica de Investimentos e da Avalia\u00e7\u00e3o Atuarial do exerc\u00edcio de 2023.<\/p>\n\n\n\n<p>A Audi\u00eancia P\u00fablica realizar-se-\u00e1 no dia<strong>\u00a017 de abril de 2024, \u00e0s 17:00h<\/strong>, na sede do <em>Sindicato dos Servidores P\u00fablicos Municipal<\/em> &#8211; <strong>SSPM<\/strong>, sito \u00e0 <strong>Rua Manoel Pedro de Campos, n\u00ba 1050, no Bairro Nossa Senhora Aparecida<\/strong>, nesta cidade.<\/p>\n\n\n\n<p>O TR\u00caS LAGOAS PREVID\u00caNCIA conta com a sua participa\u00e7\u00e3o.<\/p>\n","protected":false},"excerpt":{"rendered":"<p>O Diretor Presidente do Instituto de Previd\u00eancia Social dos Servidores do Munic\u00edpio de Tr\u00eas Lagoas \u2013 TR\u00caS LAGOAS PREVID\u00caNCIA, por meio do Edital n\u00ba 006\/2024,\u00a0CONVOCA\u00a0todos os servidores p\u00fablicos efetivos, ativos e inativos, vinculados ao TR\u00caS LAGOAS PREVID\u00caNCIA, representantes do ente federativo (Poder Executivo e Legislativo) e a sociedade civil em geral a participarem da Audi\u00eancia [&hellip;]<\/p>\n","protected":false},"author":1,"featured_media":0,"comment_status":"closed","ping_status":"closed","sticky":false,"template":"","format":"standard","meta":{"footnotes":""},"categories":[1],"tags":[],"class_list":["post-151","post","type-post","status-publish","format-standard","hentry","category-uncategorized"],"_links":{"self":[{"href":"https:\/\/treslagoasprevidencia.ms.gov.br\/index.php\/wp-json\/wp\/v2\/posts\/151","targetHints":{"allow":["GET"]}}],"collection":[{"href":"https:\/\/treslagoasprevidencia.ms.gov.br\/index.php\/wp-json\/wp\/v2\/posts"}],"about":[{"href":"https:\/\/treslagoasprevidencia.ms.gov.br\/index.php\/wp-json\/wp\/v2\/types\/post"}],"author":[{"embeddable":true,"href":"https:\/\/treslagoasprevidencia.ms.gov.br\/index.php\/wp-json\/wp\/v2\/users\/1"}],"replies":[{"embeddable":true,"href":"https:\/\/treslagoasprevidencia.ms.gov.br\/index.php\/wp-json\/wp\/v2\/comments?post=151"}],"version-history":[{"count":1,"href":"https:\/\/treslagoasprevidencia.ms.gov.br\/index.php\/wp-json\/wp\/v2\/posts\/151\/revisions"}],"predecessor-version":[{"id":152,"href":"https:\/\/treslagoasprevidencia.ms.gov.br\/index.php\/wp-json\/wp\/v2\/posts\/151\/revisions\/152"}],"wp:attachment":[{"href":"https:\/\/treslagoasprevidencia.ms.gov.br\/index.php\/wp-json\/wp\/v2\/media?parent=151"}],"wp:term":[{"taxonomy":"category","embeddable":true,"href":"https:\/\/treslagoasprevidencia.ms.gov.br\/index.php\/wp-json\/wp\/v2\/categories?post=151"},{"taxonomy":"post_tag","embeddable":true,"href":"https:\/\/treslagoasprevidencia.ms.gov.br\/index.php\/wp-json\/wp\/v2\/tags?post=151"}],"curies":[{"name":"wp","href":"https:\/\/api.w.org\/{rel}","templated":true}]}}